{"id":1053,"date":"2020-10-26T18:26:37","date_gmt":"2020-10-26T17:26:37","guid":{"rendered":"https:\/\/www.cittasolidale.net\/wp4\/?p=1053"},"modified":"2020-12-24T13:27:29","modified_gmt":"2020-12-24T12:27:29","slug":"depressione-fra-mondo-reale-e-virtualita-in-tempo-di-pandemia","status":"publish","type":"post","link":"https:\/\/www.cittasolidale.net\/wp4\/depressione-fra-mondo-reale-e-virtualita-in-tempo-di-pandemia\/","title":{"rendered":"Depressione fra mondo reale e virtualit\u00e0 in tempo di pandemia"},"content":{"rendered":"\n<figure class=\"wp-block-embed is-type-video is-provider-youtube wp-block-embed-youtube wp-embed-aspect-16-9 wp-has-aspect-ratio\"><div class=\"wp-block-embed__wrapper\">\n<iframe loading=\"lazy\"  id=\"_ytid_82406\"  width=\"910\" height=\"512\"  data-origwidth=\"910\" data-origheight=\"512\" src=\"https:\/\/www.youtube.com\/embed\/iEdAEw8zxo0?enablejsapi=1&#038;autoplay=0&#038;cc_load_policy=0&#038;cc_lang_pref=&#038;iv_load_policy=1&#038;loop=0&#038;rel=1&#038;fs=1&#038;playsinline=0&#038;autohide=2&#038;theme=dark&#038;color=red&#038;controls=1&#038;disablekb=0&#038;\" class=\"__youtube_prefs__  epyt-is-override  no-lazyload\" title=\"YouTube player\"  allow=\"fullscreen; accelerometer; autoplay; clipboard-write; encrypted-media; gyroscope; picture-in-picture; web-share\" referrerpolicy=\"strict-origin-when-cross-origin\" allowfullscreen data-no-lazy=\"1\" data-skipgform_ajax_framebjll=\"\"><\/iframe>\n<\/div><\/figure>\n\n\n\n<p><\/p>\n\n\n\n<p>\u201cLa poesia emancipa l\u2019emozione, il dolore, la felicit\u00e0. La poesia \u00e8 emancipazione e va assolutamente coltivata\u2026\u201d  &#8211; Vincenzo Costantino <\/p>\n\n\n\n<div class=\"wp-block-image\"><figure class=\"alignright size-large is-resized\"><img loading=\"lazy\" decoding=\"async\" src=\"https:\/\/www.cittasolidale.net\/wp4\/wp-content\/uploads\/2020\/10\/giornata-depressione-717x1024.jpg\" alt=\"\" class=\"wp-image-1056\" width=\"512\" height=\"731\"\/><\/figure><\/div>\n\n\n\n<p>L\u2019EDA Italia Onlus \u2013 Associazione Italiana sulla Depressione, in collaborazione con \u201cCitt\u00e0 Solidale\u201d Cooperativa Sociale, nell\u2019ambito del Mese del Benessere Psicologico della Regione Puglia e in occasione della \u201cGiornata Europea sulla Depressione 2020\u201d, il 26 ottobre alle ore 16.30 ha realizzato un evento online, \u201cDepressione tra mondo reale e virtualit\u00e0 in tempo di pandemia\u201d. <\/p>\n\n\n\n<p>L\u2019evento vede l\u2019intervento di esperti, psichiatra e psicologhe psicoterapeute, operatori nel settore della riabilitazione psicosociale e sociosanitario con l\u2019intervento del <strong>poeta Vincenzo Costantino (Chinaski)<\/strong> e l<strong>\u2019attore regista Gino Cesaria<\/strong>. In occasione della campagna di sensibilizzazione sulla prevenzione della Depressione e dei Disturbi dell\u2019Umore, Citt\u00e0 Solidale ha voluto valorizzare il mondo emotivo di operatori e pazienti in questo periodo di pandemia attraverso un\u2019indagine conoscitiva che indaga e mette a confronto le emozioni degli operatori e dei pazienti. Viene anche presentato il progetto <strong>\u201cQuarant\u2019arte\u201d<\/strong>, arte durante la quarantena, in cui pazienti ed operatori si sono cimentati a riprodurre delle opere d\u2019arte famose. In un periodo difficile di isolamento, la valorizzazione di s\u00e9 attraverso delle opere d\u2019arte, \u00e8 diventata la migliore arma per combattere l\u2019impotenza e il rischio di annullamento dovuto all\u2019isolamento e dalla \u201csospensione dal mondo\u201d imposto dalla pandemia dovuta al virus Covid-19. Ad un virus che porta malattia e morte, si \u00e8 contrapposta l\u2019arte che invece ha il potere di farci rigenerare, lasciandoci contagiare attraverso quadri, musica e soprattutto dalla poesia. In un\u2019epoca improntata sulla velocit\u00e0 e sul costante rumore di fondo, in questo momento di \u201csospensione dal mondo\u201d, la poesia \u00e8 diventata una grande opportunit\u00e0 di crescita ed emancipazione personale. Hanno partecipato: Roberto Longo, Francesco Franza, Maria Vincenza Min\u00f2, Giovanna Lucisani, Ivana Colizzi, Antonella Vacca. Operatori e pazienti delle Comunit\u00e0 Riabilitative \u201cVilla Carlo Alberto dalla Chiesa\u201d e le Case per la Vita \u201cFranco Basaglia\u201d e \u201cGiovanni Falcone\u201d. Il poeta Vincenzo Costantino (Chinaski) e l\u2019attore, regista Gino Cesaria.<\/p>\n","protected":false},"excerpt":{"rendered":"<p>\u201cLa poesia emancipa l\u2019emozione, il dolore, la felicit\u00e0. La poesia \u00e8 emancipazione e va assolutamente coltivata\u2026\u201d &#8211; Vincenzo Costantino L\u2019EDA<\/p>\n","protected":false},"author":1,"featured_media":1056,"comment_status":"closed","ping_status":"open","sticky":false,"template":"","format":"standard","meta":{"ngg_post_thumbnail":0,"jetpack_post_was_ever_published":false,"_jetpack_newsletter_access":"","_jetpack_dont_email_post_to_subs":false,"_jetpack_newsletter_tier_id":0,"_jetpack_memberships_contains_paywalled_content":false,"_jetpack_memberships_contains_paid_content":false,"footnotes":"","jetpack_publicize_message":"","jetpack_publicize_feature_enabled":true,"jetpack_social_post_already_shared":false,"jetpack_social_options":{"image_generator_settings":{"template":"highway","default_image_id":0,"font":"","enabled":false},"version":2}},"categories":[2,11],"tags":[],"class_list":["post-1053","post","type-post","status-publish","format-standard","has-post-thumbnail","hentry","category-cittasolidale","category-eventi","comments-off"],"jetpack_publicize_connections":[],"jetpack_featured_media_url":"https:\/\/www.cittasolidale.net\/wp4\/wp-content\/uploads\/2020\/10\/giornata-depressione-scaled-e1608812466872.jpg","jetpack_sharing_enabled":true,"jetpack_shortlink":"https:\/\/wp.me\/p9VBJY-gZ","_links":{"self":[{"href":"https:\/\/www.cittasolidale.net\/wp4\/wp-json\/wp\/v2\/posts\/1053","targetHints":{"allow":["GET"]}}],"collection":[{"href":"https:\/\/www.cittasolidale.net\/wp4\/wp-json\/wp\/v2\/posts"}],"about":[{"href":"https:\/\/www.cittasolidale.net\/wp4\/wp-json\/wp\/v2\/types\/post"}],"author":[{"embeddable":true,"href":"https:\/\/www.cittasolidale.net\/wp4\/wp-json\/wp\/v2\/users\/1"}],"replies":[{"embeddable":true,"href":"https:\/\/www.cittasolidale.net\/wp4\/wp-json\/wp\/v2\/comments?post=1053"}],"version-history":[{"count":5,"href":"https:\/\/www.cittasolidale.net\/wp4\/wp-json\/wp\/v2\/posts\/1053\/revisions"}],"predecessor-version":[{"id":1062,"href":"https:\/\/www.cittasolidale.net\/wp4\/wp-json\/wp\/v2\/posts\/1053\/revisions\/1062"}],"wp:featuredmedia":[{"embeddable":true,"href":"https:\/\/www.cittasolidale.net\/wp4\/wp-json\/wp\/v2\/media\/1056"}],"wp:attachment":[{"href":"https:\/\/www.cittasolidale.net\/wp4\/wp-json\/wp\/v2\/media?parent=1053"}],"wp:term":[{"taxonomy":"category","embeddable":true,"href":"https:\/\/www.cittasolidale.net\/wp4\/wp-json\/wp\/v2\/categories?post=1053"},{"taxonomy":"post_tag","embeddable":true,"href":"https:\/\/www.cittasolidale.net\/wp4\/wp-json\/wp\/v2\/tags?post=1053"}],"curies":[{"name":"wp","href":"https:\/\/api.w.org\/{rel}","templated":true}]}}