{"id":110,"date":"2010-06-08T16:38:26","date_gmt":"2010-06-08T14:38:26","guid":{"rendered":"http:\/\/www.cittasolidale.net\/wp4\/2010\/06\/08\/inaugurato-il-qcentro-sociale-informaticoq\/"},"modified":"2023-12-27T16:07:48","modified_gmt":"2023-12-27T15:07:48","slug":"inaugurato-il-qcentro-sociale-informaticoq","status":"publish","type":"post","link":"https:\/\/www.cittasolidale.net\/wp4\/inaugurato-il-qcentro-sociale-informaticoq\/","title":{"rendered":"Inaugurato il &#8220;Centro Sociale Informatico&#8221;"},"content":{"rendered":"<p><span style=\"font-size: 10pt; font-family: verdana,geneva;\">Si \u00e8 svolta a Latiano, il 28 maggio 2010 alle ore 18:00, l\u2019inaugurazione del C.S.I. (Centro Sociale Informatico) organizzata dalla Cooperativa Citt\u00e0 Solidale.<\/span><\/p>\n<p><span style=\"font-size: 10pt; font-family: verdana,geneva;\"> Tale servizio, rivolto a persone con differenti abilit\u00e0, \u00e8 stato patrocinato, nonch\u00e9 finanziato dalla Regione Puglia nell\u2019ambito dei progetti per la connettivit\u00e0 sociale. Il Comune di Latiano, dal canto suo, ha concesso la sede del CSI in comodato d\u2019uso gratuito, presso i locali annessi alla Ludoteca in via Fosse Ardeatine (ex Scuole Elementari).<\/span><\/p>\n<p align=\"center\"><span style=\"font-size: 12pt;\"><img loading=\"lazy\" decoding=\"async\" class=\" size-full wp-image-109\" style=\"margin: 5px;\" title=\"centro sociale   informatico\" src=\"http:\/\/www.cittasolidale.net\/wp4\/wp-content\/uploads\/2010\/06\/logo_csi_web.gif\" alt=\"logo centro sociale informatico\" width=\"347\" height=\"252\" align=\"middle\"><\/span><\/p>\n<p><span style=\"font-size: 10pt;\"><span style=\"font-family: verdana,geneva;\"><span style=\"font-size: 10pt; font-family: verdana,geneva;\">L\u2019iniziativa ha visto la partecipazione di alcune personalit\u00e0 istituzionali e religiose del Comune di Latiano, di numerosissimi persone svantaggiate, familiari e cittadini.<\/span><\/span><\/span><\/p>\n<p><span style=\"font-size: 10pt;\"><span style=\"font-family: verdana,geneva;\"><span style=\"font-size: 10pt; font-family: verdana,geneva;\">Il Presidente di Citt\u00e0 Solidale&nbsp; dott. Tommaso Mola ha&nbsp; illustrato gli scopi principali del progetto: promuovere le capacit\u00e0 di relazione, di espressione ed apprendimento; ampliare la rete dei contatti tra disabili, famiglie, associazioni, servizi pubblici e privati; favorire l\u2019accesso alle informazioni e lo scambio di esperienze, la fruizione dei servizi educativi, socio sanitari e la ricerca di opportunit\u00e0 di lavoro; sostituire la mobilit\u00e0 fisica con la mobilit\u00e0 intellettiva sostenuta dalla tecnologia; creare un luogo per l\u2019incontro, la discussione, la creativit\u00e0 e lo svago.<\/span><\/span><\/span><\/p>\n<p>Tra i presenti, la dott.ssa Ada Di Viggiano, in qualit\u00e0 di Assessore ai Servizi Sociali del Comune di Latiano, ha espresso la volont\u00e0 della nuova Amministrazione&nbsp; di voler proseguire la&nbsp; collaborazione&nbsp; gi\u00e0 iniziata negli anni scorsi grazie anche all\u2019ex Assessore ai Servizi Sociali, sig. Mauro Vitale.<\/p>\n<p>Alla cerimonia hanno partecipato, tra gli altri, l\u2019arciprete di Latiano don Angelo Altavilla, l\u2019ing. Antonio Distante, Assessore all\u2019Urbanistica e Politiche Comunitarie, il dott. Gabriele Argentieri, consigliere comunale e la dott.ssa Errico Lucia, responsabile dei Servizi Sociali.<\/p>\n<p>Dopo alcuni interventi si \u00e8 proceduto al taglio del nastro inaugurale da parte dell\u2019Assessore Di Viggiano. Il Responsabile del CSI, signor Roberto Longo, ha illustrato le peculiarit\u00e0 della strumentazione informatica utile&nbsp; a fornire servizi di supporto per&nbsp; persone che presentano compromissioni visive, sensoriali e motorie.<\/p>\n<p>FOTOGALLERY<\/p>\n<p><img loading=\"lazy\" decoding=\"async\" class=\"alignnone size-medium wp-image-1419\" src=\"https:\/\/www.cittasolidale.net\/wp4\/wp-content\/uploads\/2010\/06\/CSI-300x225.jpg\" alt=\"\" width=\"300\" height=\"225\" srcset=\"https:\/\/www.cittasolidale.net\/wp4\/wp-content\/uploads\/2010\/06\/CSI-300x225.jpg 300w, https:\/\/www.cittasolidale.net\/wp4\/wp-content\/uploads\/2010\/06\/CSI-768x576.jpg 768w, https:\/\/www.cittasolidale.net\/wp4\/wp-content\/uploads\/2010\/06\/CSI.jpg 1024w, https:\/\/www.cittasolidale.net\/wp4\/wp-content\/uploads\/2010\/06\/CSI-600x450.jpg 600w\" sizes=\"auto, (max-width: 300px) 100vw, 300px\" \/> <img loading=\"lazy\" decoding=\"async\" class=\"alignnone size-medium wp-image-1420\" src=\"https:\/\/www.cittasolidale.net\/wp4\/wp-content\/uploads\/2010\/06\/CSI-INT_03-300x225.jpg\" alt=\"\" width=\"300\" height=\"225\" srcset=\"https:\/\/www.cittasolidale.net\/wp4\/wp-content\/uploads\/2010\/06\/CSI-INT_03-300x225.jpg 300w, https:\/\/www.cittasolidale.net\/wp4\/wp-content\/uploads\/2010\/06\/CSI-INT_03-768x576.jpg 768w, https:\/\/www.cittasolidale.net\/wp4\/wp-content\/uploads\/2010\/06\/CSI-INT_03.jpg 1024w, https:\/\/www.cittasolidale.net\/wp4\/wp-content\/uploads\/2010\/06\/CSI-INT_03-600x450.jpg 600w\" sizes=\"auto, (max-width: 300px) 100vw, 300px\" \/> <img loading=\"lazy\" decoding=\"async\" class=\"alignnone size-medium wp-image-1421\" src=\"https:\/\/www.cittasolidale.net\/wp4\/wp-content\/uploads\/2010\/06\/CSI-INT_02-300x225.jpg\" alt=\"\" width=\"300\" height=\"225\" srcset=\"https:\/\/www.cittasolidale.net\/wp4\/wp-content\/uploads\/2010\/06\/CSI-INT_02-300x225.jpg 300w, https:\/\/www.cittasolidale.net\/wp4\/wp-content\/uploads\/2010\/06\/CSI-INT_02-768x576.jpg 768w, https:\/\/www.cittasolidale.net\/wp4\/wp-content\/uploads\/2010\/06\/CSI-INT_02.jpg 1024w, https:\/\/www.cittasolidale.net\/wp4\/wp-content\/uploads\/2010\/06\/CSI-INT_02-600x450.jpg 600w\" sizes=\"auto, (max-width: 300px) 100vw, 300px\" \/> <img loading=\"lazy\" decoding=\"async\" class=\"alignnone size-medium wp-image-1422\" src=\"https:\/\/www.cittasolidale.net\/wp4\/wp-content\/uploads\/2010\/06\/CSI-INT_01-300x225.jpg\" alt=\"\" width=\"300\" height=\"225\" srcset=\"https:\/\/www.cittasolidale.net\/wp4\/wp-content\/uploads\/2010\/06\/CSI-INT_01-300x225.jpg 300w, https:\/\/www.cittasolidale.net\/wp4\/wp-content\/uploads\/2010\/06\/CSI-INT_01-768x576.jpg 768w, https:\/\/www.cittasolidale.net\/wp4\/wp-content\/uploads\/2010\/06\/CSI-INT_01.jpg 1024w, https:\/\/www.cittasolidale.net\/wp4\/wp-content\/uploads\/2010\/06\/CSI-INT_01-600x450.jpg 600w\" sizes=\"auto, (max-width: 300px) 100vw, 300px\" \/> <img loading=\"lazy\" decoding=\"async\" class=\"alignnone size-medium wp-image-1423\" src=\"https:\/\/www.cittasolidale.net\/wp4\/wp-content\/uploads\/2010\/06\/CSI-INT_-300x225.jpg\" alt=\"\" width=\"300\" height=\"225\" srcset=\"https:\/\/www.cittasolidale.net\/wp4\/wp-content\/uploads\/2010\/06\/CSI-INT_-300x225.jpg 300w, https:\/\/www.cittasolidale.net\/wp4\/wp-content\/uploads\/2010\/06\/CSI-INT_-768x576.jpg 768w, https:\/\/www.cittasolidale.net\/wp4\/wp-content\/uploads\/2010\/06\/CSI-INT_.jpg 1024w, https:\/\/www.cittasolidale.net\/wp4\/wp-content\/uploads\/2010\/06\/CSI-INT_-600x450.jpg 600w\" sizes=\"auto, (max-width: 300px) 100vw, 300px\" \/><\/p>\n<p><b class=\"red\">{gallery}csi\/inaugurazione{\/gallery}<\/b><\/p>\n<p>&nbsp;<\/p>\n","protected":false},"excerpt":{"rendered":"<p>Si \u00e8 svolta a Latiano, il 28 maggio 2010 alle ore 18:00, l\u2019inaugurazione del C.S.I. (Centro Sociale Informatico) organizzata dalla<\/p>\n","protected":false},"author":1,"featured_media":0,"comment_status":"closed","ping_status":"open","sticky":false,"template":"","format":"standard","meta":{"ngg_post_thumbnail":0,"jetpack_post_was_ever_published":false,"_jetpack_newsletter_access":"","_jetpack_dont_email_post_to_subs":false,"_jetpack_newsletter_tier_id":0,"_jetpack_memberships_contains_paywalled_content":false,"_jetpack_memberships_contains_paid_content":false,"footnotes":"","jetpack_publicize_message":"","jetpack_publicize_feature_enabled":true,"jetpack_social_post_already_shared":false,"jetpack_social_options":{"image_generator_settings":{"template":"highway","default_image_id":0,"font":"","enabled":false},"version":2}},"categories":[11],"tags":[],"class_list":["post-110","post","type-post","status-publish","format-standard","hentry","category-eventi","comments-off"],"jetpack_publicize_connections":[],"jetpack_featured_media_url":"","jetpack_sharing_enabled":true,"jetpack_shortlink":"https:\/\/wp.me\/p9VBJY-1M","_links":{"self":[{"href":"https:\/\/www.cittasolidale.net\/wp4\/wp-json\/wp\/v2\/posts\/110","targetHints":{"allow":["GET"]}}],"collection":[{"href":"https:\/\/www.cittasolidale.net\/wp4\/wp-json\/wp\/v2\/posts"}],"about":[{"href":"https:\/\/www.cittasolidale.net\/wp4\/wp-json\/wp\/v2\/types\/post"}],"author":[{"embeddable":true,"href":"https:\/\/www.cittasolidale.net\/wp4\/wp-json\/wp\/v2\/users\/1"}],"replies":[{"embeddable":true,"href":"https:\/\/www.cittasolidale.net\/wp4\/wp-json\/wp\/v2\/comments?post=110"}],"version-history":[{"count":2,"href":"https:\/\/www.cittasolidale.net\/wp4\/wp-json\/wp\/v2\/posts\/110\/revisions"}],"predecessor-version":[{"id":1424,"href":"https:\/\/www.cittasolidale.net\/wp4\/wp-json\/wp\/v2\/posts\/110\/revisions\/1424"}],"wp:attachment":[{"href":"https:\/\/www.cittasolidale.net\/wp4\/wp-json\/wp\/v2\/media?parent=110"}],"wp:term":[{"taxonomy":"category","embeddable":true,"href":"https:\/\/www.cittasolidale.net\/wp4\/wp-json\/wp\/v2\/categories?post=110"},{"taxonomy":"post_tag","embeddable":true,"href":"https:\/\/www.cittasolidale.net\/wp4\/wp-json\/wp\/v2\/tags?post=110"}],"curies":[{"name":"wp","href":"https:\/\/api.w.org\/{rel}","templated":true}]}}