{"id":1107,"date":"2022-07-01T18:31:04","date_gmt":"2022-07-01T16:31:04","guid":{"rendered":"https:\/\/www.cittasolidale.net\/wp4\/?p=1107"},"modified":"2022-07-01T18:32:31","modified_gmt":"2022-07-01T16:32:31","slug":"1107-2","status":"publish","type":"post","link":"https:\/\/www.cittasolidale.net\/wp4\/1107-2\/","title":{"rendered":"\u201cUnited For Beauty\u201d, bellezza, inclusivit\u00e0, solidariet\u00e0 ed integrazione\u00a0"},"content":{"rendered":"\n<p><\/p>\n\n\n\n<p>Domenica 26 giugno 2022 le ospiti e gli ospiti delle strutture riabilitative della cooperativa Citt\u00e0 Solidale sono stati protagonisti&nbsp;dell\u2019iniziativa \u201cUnited for Beauty\u201d, evento di solidariet\u00e0, inclusione ed integrazione, giunto alla quinta edizione. Quest\u2019anno l\u2019evento, organizzato ed ideato da Marcello Caforio, hair stylist di Latiano, ha colorato la splendida ed accogliente piazza dei Commestibili a Mesagne (BR), in quanto \u00e8 stato creato un enorme salone di bellezza a cielo aperto con 30 postazioni fisse e 10 mobili. Numerosi i professionisti della bellezza: hair stylists, make-up artists, onicotecniche, nails designers e massaggiatori si sono presi cura e hanno coccolato le ospiti rendendole <em>modelle per un giorno<\/em>. Entusiaste, le ospiti di Citt\u00e0 Solidale si sono affidate alle mani esperte dei professionisti della bellezza che le hanno trasformate con acconciature che ricordano i colori caldi dell\u2019estate e con trucchi semplici che risaltassero la bellezza dei loro lineamenti; anche gli ospiti non sono stati da meno e si sono sottoposti ad una piccola trasformazione, con un nuovo taglio di capelli che ringiovanisse il look.&nbsp;&nbsp;<\/p>\n\n\n\n<figure class=\"wp-block-gallery has-nested-images columns-default is-cropped wp-block-gallery-1 is-layout-flex wp-block-gallery-is-layout-flex\">\n<figure class=\"wp-block-image size-large\"><img loading=\"lazy\" decoding=\"async\" width=\"1024\" height=\"579\" data-id=\"1109\" src=\"https:\/\/www.cittasolidale.net\/wp4\/wp-content\/uploads\/2022\/07\/52-1024x579.jpeg\" alt=\"\" class=\"wp-image-1109\" srcset=\"https:\/\/www.cittasolidale.net\/wp4\/wp-content\/uploads\/2022\/07\/52-1024x579.jpeg 1024w, https:\/\/www.cittasolidale.net\/wp4\/wp-content\/uploads\/2022\/07\/52-300x170.jpeg 300w, https:\/\/www.cittasolidale.net\/wp4\/wp-content\/uploads\/2022\/07\/52-768x434.jpeg 768w, https:\/\/www.cittasolidale.net\/wp4\/wp-content\/uploads\/2022\/07\/52.jpeg 1294w\" sizes=\"auto, (max-width: 1024px) 100vw, 1024px\" \/><\/figure>\n\n\n\n<figure class=\"wp-block-image size-large\"><img loading=\"lazy\" decoding=\"async\" width=\"1024\" height=\"607\" data-id=\"1110\" src=\"https:\/\/www.cittasolidale.net\/wp4\/wp-content\/uploads\/2022\/07\/54-1024x607.jpeg\" alt=\"\" class=\"wp-image-1110\" srcset=\"https:\/\/www.cittasolidale.net\/wp4\/wp-content\/uploads\/2022\/07\/54-1024x607.jpeg 1024w, https:\/\/www.cittasolidale.net\/wp4\/wp-content\/uploads\/2022\/07\/54-300x178.jpeg 300w, https:\/\/www.cittasolidale.net\/wp4\/wp-content\/uploads\/2022\/07\/54-768x455.jpeg 768w, https:\/\/www.cittasolidale.net\/wp4\/wp-content\/uploads\/2022\/07\/54.jpeg 1441w\" sizes=\"auto, (max-width: 1024px) 100vw, 1024px\" \/><\/figure>\n\n\n\n<figure class=\"wp-block-image size-large\"><img loading=\"lazy\" decoding=\"async\" width=\"1024\" height=\"614\" data-id=\"1111\" src=\"https:\/\/www.cittasolidale.net\/wp4\/wp-content\/uploads\/2022\/07\/57-1024x614.jpeg\" alt=\"\" class=\"wp-image-1111\" srcset=\"https:\/\/www.cittasolidale.net\/wp4\/wp-content\/uploads\/2022\/07\/57-1024x614.jpeg 1024w, https:\/\/www.cittasolidale.net\/wp4\/wp-content\/uploads\/2022\/07\/57-300x180.jpeg 300w, https:\/\/www.cittasolidale.net\/wp4\/wp-content\/uploads\/2022\/07\/57-768x461.jpeg 768w, https:\/\/www.cittasolidale.net\/wp4\/wp-content\/uploads\/2022\/07\/57.jpeg 1397w\" sizes=\"auto, (max-width: 1024px) 100vw, 1024px\" \/><\/figure>\n<\/figure>\n\n\n\n<p>Citt\u00e0 Solidale, da sempre impegnata nella lotta allo stigma verso le persone fragili, da sette anni a questa parte partecipa attivamente all\u2019iniziativa \u201cUnited for Beauty\u201d, sposandone i principi cardine. Le ospiti e gli ospiti, nel loro percorso riabilitativo, vengono stimolati quotidianamente a prendersi cura del proprio corpo attraverso una prima fase psicoeducativa, in cui viene specificata l\u2019importanza della cura del s\u00e9 per la persona stessa e nella relazione con l\u2019ambiente circostante, successivamente, durante l\u2019espletarsi del percorso riabilitativo, gli utenti vengono supportati nell\u2019azione di cura ed igiene del proprio corpo, nella pulizia dei propri indumenti e nella valorizzazione di se stessi, strumento fondamentale e di riconosciuta evidenza scientifica del percorso riabilitativo di ogni ospite.&nbsp;<\/p>\n\n\n\n<p>L\u2019esclusione sociale ed il pregiudizio verso le persone fragili si possono contrastare con azioni pratiche, capaci di esprimere la potente carica di umanit\u00e0 attraverso la bellezza e l\u2019inclusione sociale dei pi\u00f9 deboli, prendersi cura di s\u00e9 stessi ed imparare le abilit\u00e0 per farlo \u00e8 un atto d\u2019amore verso s\u00e9 stessi che fa stare bene.&nbsp;&nbsp;<\/p>\n","protected":false},"excerpt":{"rendered":"<p>Domenica 26 giugno 2022 le ospiti e gli ospiti delle strutture riabilitative della cooperativa Citt\u00e0 Solidale sono stati protagonisti&nbsp;dell\u2019iniziativa \u201cUnited<\/p>\n","protected":false},"author":1,"featured_media":1108,"comment_status":"closed","ping_status":"open","sticky":false,"template":"","format":"standard","meta":{"ngg_post_thumbnail":0,"jetpack_post_was_ever_published":false,"_jetpack_newsletter_access":"","_jetpack_dont_email_post_to_subs":false,"_jetpack_newsletter_tier_id":0,"_jetpack_memberships_contains_paywalled_content":false,"_jetpack_memberships_contains_paid_content":false,"footnotes":"","jetpack_publicize_message":"","jetpack_publicize_feature_enabled":true,"jetpack_social_post_already_shared":false,"jetpack_social_options":{"image_generator_settings":{"template":"highway","default_image_id":0,"font":"","enabled":false},"version":2}},"categories":[11],"tags":[],"class_list":["post-1107","post","type-post","status-publish","format-standard","has-post-thumbnail","hentry","category-eventi","comments-off"],"jetpack_publicize_connections":[],"jetpack_featured_media_url":"https:\/\/www.cittasolidale.net\/wp4\/wp-content\/uploads\/2022\/07\/53.jpeg","jetpack_sharing_enabled":true,"jetpack_shortlink":"https:\/\/wp.me\/p9VBJY-hR","_links":{"self":[{"href":"https:\/\/www.cittasolidale.net\/wp4\/wp-json\/wp\/v2\/posts\/1107","targetHints":{"allow":["GET"]}}],"collection":[{"href":"https:\/\/www.cittasolidale.net\/wp4\/wp-json\/wp\/v2\/posts"}],"about":[{"href":"https:\/\/www.cittasolidale.net\/wp4\/wp-json\/wp\/v2\/types\/post"}],"author":[{"embeddable":true,"href":"https:\/\/www.cittasolidale.net\/wp4\/wp-json\/wp\/v2\/users\/1"}],"replies":[{"embeddable":true,"href":"https:\/\/www.cittasolidale.net\/wp4\/wp-json\/wp\/v2\/comments?post=1107"}],"version-history":[{"count":2,"href":"https:\/\/www.cittasolidale.net\/wp4\/wp-json\/wp\/v2\/posts\/1107\/revisions"}],"predecessor-version":[{"id":1113,"href":"https:\/\/www.cittasolidale.net\/wp4\/wp-json\/wp\/v2\/posts\/1107\/revisions\/1113"}],"wp:featuredmedia":[{"embeddable":true,"href":"https:\/\/www.cittasolidale.net\/wp4\/wp-json\/wp\/v2\/media\/1108"}],"wp:attachment":[{"href":"https:\/\/www.cittasolidale.net\/wp4\/wp-json\/wp\/v2\/media?parent=1107"}],"wp:term":[{"taxonomy":"category","embeddable":true,"href":"https:\/\/www.cittasolidale.net\/wp4\/wp-json\/wp\/v2\/categories?post=1107"},{"taxonomy":"post_tag","embeddable":true,"href":"https:\/\/www.cittasolidale.net\/wp4\/wp-json\/wp\/v2\/tags?post=1107"}],"curies":[{"name":"wp","href":"https:\/\/api.w.org\/{rel}","templated":true}]}}