{"id":1147,"date":"2023-04-24T14:06:00","date_gmt":"2023-04-24T12:06:00","guid":{"rendered":"https:\/\/www.cittasolidale.net\/wp4\/?p=1147"},"modified":"2023-12-22T12:31:13","modified_gmt":"2023-12-22T11:31:13","slug":"ritornano-le-olimpiadi-in-2023-xxi-edizione","status":"publish","type":"post","link":"https:\/\/www.cittasolidale.net\/wp4\/ritornano-le-olimpiadi-in-2023-xxi-edizione\/","title":{"rendered":"Ritornano le Olimpiadi IN &#8211; 2023 XXI edizione"},"content":{"rendered":"\n<p>Cari Amici, gentili Colleghi, Cittadini, <br>dopo tre anni di sospensione a causa dalla pandemia, mercoled\u00ec 31 maggio p.v., taglier\u00e0 il traguardo a Latiano (BR) la XXI edizione delle \u201cOLIMPIADI IN\u201d, il grande evento nazionale contro l\u2019esclusione sociale, il pregiudizio e lo stigma verso le Persone con disabilit\u00e0, promosso da Citt\u00e0 Solidale.<\/p>\n\n\n\n<p>Grazie alla collaborazione offertaci dalle ASL, dai Comuni e da numerose Associazioni e Cooperative sociali, quest\u2019anno parteciperanno all\u2019evento diverse migliaia di atleti diversamente abili con familiari ed operatori, provenienti da tutte le regioni italiane.<\/p>\n\n\n\n<p>Il programma della manifestazione, nel pomeriggio di mercoled\u00ec 31 maggio con inizio alle ore 15.00 e termine alle ore 20.00, prevede:&nbsp;<\/p>\n\n\n\n<p>a) il corteo degli atleti, Autorit\u00e0 e cittadini che, in un clima di festa e di goliardia, sfiler\u00e0 per le vie della citt\u00e0, al seguito del \u201cdrago&nbsp;stigma\u201d, dei musici e degli sbandieratori;&nbsp;<\/p>\n\n\n\n<p>b) la XII \u201cMaratona Solidale\u201d, aperta a tutti indistintamente i cittadini e le cittadine, ivi compresi i bambini delle Scuole primarie e gli studenti delle Superiori e Universit\u00e0, con premi riservati alle varie fasce d\u2019et\u00e0 e di condizione di salute;&nbsp;<\/p>\n\n\n\n<p>c) i giochi e le gare, che si svolgeranno presso Piazza Umberto I;&nbsp;<\/p>\n\n\n\n<p>Ecco i link per scaricare la modulistica per la partecipazione ai giochi:<\/p>\n\n\n\n<p><a href=\"https:\/\/www.cittasolidale.net\/wp4\/wp-content\/uploads\/2023\/04\/invito-Olimpiadi-In-XXI-edzione-31-maggio-2023.pdf\">Invito alle Olimpiadi IN 31 maggio 2023 XXI edizione<\/a><\/p>\n\n\n\n<p><a href=\"https:\/\/www.cittasolidale.net\/wp4\/wp-content\/uploads\/2023\/04\/Scheda-iscrizione-giochi-2023.pdf\">Scheda iscrizione giochi 2023<\/a><\/p>\n\n\n\n<p><a href=\"https:\/\/www.cittasolidale.net\/wp4\/wp-content\/uploads\/2023\/04\/Regolamento-dei-Giochi-2023.pdf\">Regolamento dei Giochi (2023)<\/a><\/p>\n\n\n\n<p><a href=\"https:\/\/www.cittasolidale.net\/wp4\/wp-content\/uploads\/2023\/04\/Regolamento-Maratona-2023.pdf\">Regolamento Maratona (2023)<\/a><\/p>\n\n\n\n<p><a href=\"https:\/\/www.cittasolidale.net\/wp4\/wp-content\/uploads\/2023\/04\/Accettazione-Regolamento-ADULTI-2023.pdf\">Accettazione Regolamento ADULTI (2023)<\/a><\/p>\n\n\n\n<p><a href=\"https:\/\/www.cittasolidale.net\/wp4\/wp-content\/uploads\/2023\/04\/Liberatoria-immagini-2023.pdf\">Liberatoria immagini (2023)<\/a><\/p>\n\n\n\n<p><br>Inoltre, il giorno precedente la manifestazione, il 30 maggio dalle ore 9 alle ore 17, avr\u00e0 luogo presso il teatro Olmi di Latiano un convegno sulla salute mentale organizzato da Citt\u00e0 Solidale con crediti formativi per gli operatori sanitari e gli assistenti sociali. <\/p>\n\n\n\n<figure class=\"wp-block-image size-large\"><img loading=\"lazy\" decoding=\"async\" width=\"731\" height=\"1024\" src=\"https:\/\/www.cittasolidale.net\/wp4\/wp-content\/uploads\/2023\/04\/locandina-Olimpiadi-IN-2023-731x1024.jpg\" alt=\"\" class=\"wp-image-1177\" srcset=\"https:\/\/www.cittasolidale.net\/wp4\/wp-content\/uploads\/2023\/04\/locandina-Olimpiadi-IN-2023-731x1024.jpg 731w, https:\/\/www.cittasolidale.net\/wp4\/wp-content\/uploads\/2023\/04\/locandina-Olimpiadi-IN-2023-214x300.jpg 214w, https:\/\/www.cittasolidale.net\/wp4\/wp-content\/uploads\/2023\/04\/locandina-Olimpiadi-IN-2023-768x1076.jpg 768w, https:\/\/www.cittasolidale.net\/wp4\/wp-content\/uploads\/2023\/04\/locandina-Olimpiadi-IN-2023-1096x1536.jpg 1096w, https:\/\/www.cittasolidale.net\/wp4\/wp-content\/uploads\/2023\/04\/locandina-Olimpiadi-IN-2023.jpg 1142w\" sizes=\"auto, (max-width: 731px) 100vw, 731px\" \/><\/figure>\n","protected":false},"excerpt":{"rendered":"<p>Cari Amici, gentili Colleghi, Cittadini, dopo tre anni di sospensione a causa dalla pandemia, mercoled\u00ec 31 maggio p.v., taglier\u00e0 il<\/p>\n","protected":false},"author":1,"featured_media":1158,"comment_status":"closed","ping_status":"open","sticky":false,"template":"","format":"standard","meta":{"ngg_post_thumbnail":0,"jetpack_post_was_ever_published":false,"_jetpack_newsletter_access":"","_jetpack_dont_email_post_to_subs":false,"_jetpack_newsletter_tier_id":0,"_jetpack_memberships_contains_paywalled_content":false,"_jetpack_memberships_contains_paid_content":false,"footnotes":"","jetpack_publicize_message":"","jetpack_publicize_feature_enabled":true,"jetpack_social_post_already_shared":true,"jetpack_social_options":{"image_generator_settings":{"template":"highway","default_image_id":0,"font":"","enabled":false},"version":2}},"categories":[11],"tags":[],"class_list":["post-1147","post","type-post","status-publish","format-standard","has-post-thumbnail","hentry","category-eventi","comments-off"],"jetpack_publicize_connections":[],"jetpack_featured_media_url":"https:\/\/www.cittasolidale.net\/wp4\/wp-content\/uploads\/2023\/04\/OlimpiadiIn2019.jpg","jetpack_sharing_enabled":true,"jetpack_shortlink":"https:\/\/wp.me\/p9VBJY-iv","_links":{"self":[{"href":"https:\/\/www.cittasolidale.net\/wp4\/wp-json\/wp\/v2\/posts\/1147","targetHints":{"allow":["GET"]}}],"collection":[{"href":"https:\/\/www.cittasolidale.net\/wp4\/wp-json\/wp\/v2\/posts"}],"about":[{"href":"https:\/\/www.cittasolidale.net\/wp4\/wp-json\/wp\/v2\/types\/post"}],"author":[{"embeddable":true,"href":"https:\/\/www.cittasolidale.net\/wp4\/wp-json\/wp\/v2\/users\/1"}],"replies":[{"embeddable":true,"href":"https:\/\/www.cittasolidale.net\/wp4\/wp-json\/wp\/v2\/comments?post=1147"}],"version-history":[{"count":5,"href":"https:\/\/www.cittasolidale.net\/wp4\/wp-json\/wp\/v2\/posts\/1147\/revisions"}],"predecessor-version":[{"id":1416,"href":"https:\/\/www.cittasolidale.net\/wp4\/wp-json\/wp\/v2\/posts\/1147\/revisions\/1416"}],"wp:featuredmedia":[{"embeddable":true,"href":"https:\/\/www.cittasolidale.net\/wp4\/wp-json\/wp\/v2\/media\/1158"}],"wp:attachment":[{"href":"https:\/\/www.cittasolidale.net\/wp4\/wp-json\/wp\/v2\/media?parent=1147"}],"wp:term":[{"taxonomy":"category","embeddable":true,"href":"https:\/\/www.cittasolidale.net\/wp4\/wp-json\/wp\/v2\/categories?post=1147"},{"taxonomy":"post_tag","embeddable":true,"href":"https:\/\/www.cittasolidale.net\/wp4\/wp-json\/wp\/v2\/tags?post=1147"}],"curies":[{"name":"wp","href":"https:\/\/api.w.org\/{rel}","templated":true}]}}