{"id":1339,"date":"2023-10-27T09:01:00","date_gmt":"2023-10-27T07:01:00","guid":{"rendered":"https:\/\/www.cittasolidale.net\/wp4\/?p=1339"},"modified":"2023-12-18T16:50:07","modified_gmt":"2023-12-18T15:50:07","slug":"giornata-europea-sulla-depressione-xx-edizione","status":"publish","type":"post","link":"https:\/\/www.cittasolidale.net\/wp4\/giornata-europea-sulla-depressione-xx-edizione\/","title":{"rendered":"Giornata Europea sulla Depressione XX edizione"},"content":{"rendered":"\n<p>In occasione della <strong><em>20\u00aa edizione <\/em><\/strong>della Giornata Europea sulla Depressione, venerd\u00ec 27 ottobre 2023 alle ore 9,30, presso il Nuovo Teatro Olmi di Latiano, si \u00e8 svolto l\u2019evento gratuito aperto al pubblico dal titolo \u201c<strong>T<em>empi di incertezza e Depressione\u201d.<\/em><\/strong><\/p>\n\n\n\n<p>L&#8217;evento, promosso dall&#8217;<strong>EDA Italia Onlus<\/strong> (Associazione Italiana sulla Depressione), supportato dal Cen.Stu.Psi. (Centro Studi Psichiatrici), \u00e8 realizzato dalla Cooperativa Sociale Citt\u00e0 Solidale di Latiano in collaborazione con l&#8217;Associazione Mitag di Brindisi, con il patrocinio del Comune di Latiano, di Confcooperative Sanit\u00e0 Puglia e della ASL di Brindisi. Hanno dato il contributo alla giornata diversi interventi dei professionisti della salute mentale accomunati dall&#8217;obiettivo di perseguire l&#8217;interesse generale della comunit\u00e0 attraverso la promozione della salute mentale. Il tema di quest&#8217;anno, presentato in diverse regioni italiane e in 13 stati europei, \u00e8 pi\u00f9 che mai di grande attualit\u00e0. Ha l\u2019obiettivo di evidenziare la necessit\u00e0 di cogliere pi\u00f9 precocemente possibile ogni forma di disturbo depressivo in questi tempi che possono alimentare incertezza e preoccupazioni nelle persone. I disturbi dell\u2019umore, infatti, sono sempre pi\u00f9 diffusi, mal diagnosticati e, spesso, poco e mal curati, specialmente in questo periodo di incertezza, nel quale post-Covid, guerra e problemi economici hanno contribuito a far aumentare i disturbi depressivi che, ormai, stanno diventando la prima causa di disabilit\u00e0 nel mondo. Sono soprattutto le persone tra i 15 i 35 anni le pi\u00f9 coinvolte e, in particolare, le fasce pi\u00f9 giovani sono le pi\u00f9 vulnerabili, in quanto un disturbo dell&#8217;umore pu\u00f2 provocare compromissioni cognitive e funzionali, pu\u00f2 portare a diverse dipendenze, ai disturbi alimentari e anche al suicidio.<\/p>\n\n\n\n<p>Affinch\u00e9 l&#8217;azione di sensibilizzazione sul territorio sia quanto pi\u00f9 efficace possibile e diretta soprattutto ai pi\u00f9 giovani, sono state coinvolte le classi quarte e quinte del Liceo delle Scienze Umane \u201cFrancesco Ribezzo\u201d di Latiano.<\/p>\n\n\n\n<p>Dopo i saluti del Presidente Confcooperative Sanit\u00e0 Puglia, Dott. Mauro Abate, l&#8217;evento ha visto la partecipazione del Dr. Saponaro, dirigente psichiatra afferente al Dipartimento di Salute Mentale di Brindisi, del Presidente dell&#8217;EDA Italia, il dr. Francesco Franza e del Presidente della cooperativa Citt\u00e0 Solidale, dott. Roberto Longo, della Vicepreside, Prof.ssa _________, del Liceo delle Scienze Umane &#8220;F. Ribezzo&#8221; di Latiano. Ci sono stati gli interventi delle psicoterapeute socie dell&#8217;EDA, dr.ssa Antonella Vacca, dr.ssa Antonella Litta e dr.ssa Marenza Min\u00f2. Del disturbo, delle difficolt\u00e0 a viverlo ed affrontarlo, hanno parlato, inoltre, alcuni che lo vivono in prima persona e lo hanno fatto anche attraverso la musica e la danza. Gli utenti delle Comunit\u00e0 di Citt\u00e0 Solidale hanno presentato un cortometraggio che li vede protagonisti dal titolo \u201cOnde\u201d, diretto e curato da Venere Rotelli, responsabile del Laboratorio Riabilitativo Artistico. Anche gli studenti del Liceo &#8220;F. Ribezzo&#8221; hanno presentato un cortometraggio sul tema della depressione tra i giovani.<\/p>\n\n\n\n<p>In quest&#8217;incontro di musica, parole, immagini ed emozioni, le persone che per esperienza hanno vissuto problematiche psichiche, gli studenti, gli operatori della salute mentale, tutti insieme, sono stati uniti per parlare di come si pu\u00f2 identificare il disturbo depressivo e dare, in questo tempo di inquietudine ed incertezza, il chiaro messaggio di speranza: <strong><em>le malattie dell&#8217;umore si possono curare!<\/em><\/strong><\/p>\n\n\n\n<figure class=\"wp-block-gallery has-nested-images columns-default is-cropped wp-block-gallery-1 is-layout-flex wp-block-gallery-is-layout-flex\">\n<figure class=\"wp-block-image size-large\"><img loading=\"lazy\" decoding=\"async\" width=\"1024\" height=\"768\" data-id=\"1377\" src=\"https:\/\/www.cittasolidale.net\/wp4\/wp-content\/uploads\/2023\/12\/WhatsApp-Image-2023-10-27-at-12.27.36-2-1024x768.jpeg\" alt=\"\" class=\"wp-image-1377\" srcset=\"https:\/\/www.cittasolidale.net\/wp4\/wp-content\/uploads\/2023\/12\/WhatsApp-Image-2023-10-27-at-12.27.36-2-1024x768.jpeg 1024w, https:\/\/www.cittasolidale.net\/wp4\/wp-content\/uploads\/2023\/12\/WhatsApp-Image-2023-10-27-at-12.27.36-2-300x225.jpeg 300w, https:\/\/www.cittasolidale.net\/wp4\/wp-content\/uploads\/2023\/12\/WhatsApp-Image-2023-10-27-at-12.27.36-2-768x576.jpeg 768w, https:\/\/www.cittasolidale.net\/wp4\/wp-content\/uploads\/2023\/12\/WhatsApp-Image-2023-10-27-at-12.27.36-2-1536x1152.jpeg 1536w, https:\/\/www.cittasolidale.net\/wp4\/wp-content\/uploads\/2023\/12\/WhatsApp-Image-2023-10-27-at-12.27.36-2-600x450.jpeg 600w, https:\/\/www.cittasolidale.net\/wp4\/wp-content\/uploads\/2023\/12\/WhatsApp-Image-2023-10-27-at-12.27.36-2.jpeg 2048w\" sizes=\"auto, (max-width: 1024px) 100vw, 1024px\" \/><\/figure>\n\n\n\n<figure class=\"wp-block-image size-large\"><img loading=\"lazy\" decoding=\"async\" width=\"1024\" height=\"768\" data-id=\"1363\" src=\"https:\/\/www.cittasolidale.net\/wp4\/wp-content\/uploads\/2023\/12\/WhatsApp-Image-2023-10-27-at-12.27.33-1024x768.jpeg\" alt=\"\" class=\"wp-image-1363\" srcset=\"https:\/\/www.cittasolidale.net\/wp4\/wp-content\/uploads\/2023\/12\/WhatsApp-Image-2023-10-27-at-12.27.33-1024x768.jpeg 1024w, https:\/\/www.cittasolidale.net\/wp4\/wp-content\/uploads\/2023\/12\/WhatsApp-Image-2023-10-27-at-12.27.33-300x225.jpeg 300w, https:\/\/www.cittasolidale.net\/wp4\/wp-content\/uploads\/2023\/12\/WhatsApp-Image-2023-10-27-at-12.27.33-768x576.jpeg 768w, https:\/\/www.cittasolidale.net\/wp4\/wp-content\/uploads\/2023\/12\/WhatsApp-Image-2023-10-27-at-12.27.33-1536x1152.jpeg 1536w, https:\/\/www.cittasolidale.net\/wp4\/wp-content\/uploads\/2023\/12\/WhatsApp-Image-2023-10-27-at-12.27.33-600x450.jpeg 600w, https:\/\/www.cittasolidale.net\/wp4\/wp-content\/uploads\/2023\/12\/WhatsApp-Image-2023-10-27-at-12.27.33.jpeg 2048w\" sizes=\"auto, (max-width: 1024px) 100vw, 1024px\" \/><\/figure>\n\n\n\n<figure class=\"wp-block-image size-large\"><img loading=\"lazy\" decoding=\"async\" width=\"1024\" height=\"768\" data-id=\"1376\" src=\"https:\/\/www.cittasolidale.net\/wp4\/wp-content\/uploads\/2023\/12\/WhatsApp-Image-2023-10-27-at-12.27.37-1-1024x768.jpeg\" alt=\"\" class=\"wp-image-1376\" srcset=\"https:\/\/www.cittasolidale.net\/wp4\/wp-content\/uploads\/2023\/12\/WhatsApp-Image-2023-10-27-at-12.27.37-1-1024x768.jpeg 1024w, https:\/\/www.cittasolidale.net\/wp4\/wp-content\/uploads\/2023\/12\/WhatsApp-Image-2023-10-27-at-12.27.37-1-300x225.jpeg 300w, https:\/\/www.cittasolidale.net\/wp4\/wp-content\/uploads\/2023\/12\/WhatsApp-Image-2023-10-27-at-12.27.37-1-768x576.jpeg 768w, https:\/\/www.cittasolidale.net\/wp4\/wp-content\/uploads\/2023\/12\/WhatsApp-Image-2023-10-27-at-12.27.37-1-1536x1152.jpeg 1536w, https:\/\/www.cittasolidale.net\/wp4\/wp-content\/uploads\/2023\/12\/WhatsApp-Image-2023-10-27-at-12.27.37-1-600x450.jpeg 600w, https:\/\/www.cittasolidale.net\/wp4\/wp-content\/uploads\/2023\/12\/WhatsApp-Image-2023-10-27-at-12.27.37-1.jpeg 2048w\" sizes=\"auto, (max-width: 1024px) 100vw, 1024px\" \/><\/figure>\n\n\n\n<figure class=\"wp-block-image size-large\"><img loading=\"lazy\" decoding=\"async\" width=\"1024\" height=\"768\" data-id=\"1375\" src=\"https:\/\/www.cittasolidale.net\/wp4\/wp-content\/uploads\/2023\/12\/WhatsApp-Image-2023-10-27-at-12.27.38-1-1024x768.jpeg\" alt=\"\" class=\"wp-image-1375\" srcset=\"https:\/\/www.cittasolidale.net\/wp4\/wp-content\/uploads\/2023\/12\/WhatsApp-Image-2023-10-27-at-12.27.38-1-1024x768.jpeg 1024w, https:\/\/www.cittasolidale.net\/wp4\/wp-content\/uploads\/2023\/12\/WhatsApp-Image-2023-10-27-at-12.27.38-1-300x225.jpeg 300w, https:\/\/www.cittasolidale.net\/wp4\/wp-content\/uploads\/2023\/12\/WhatsApp-Image-2023-10-27-at-12.27.38-1-768x576.jpeg 768w, https:\/\/www.cittasolidale.net\/wp4\/wp-content\/uploads\/2023\/12\/WhatsApp-Image-2023-10-27-at-12.27.38-1-1536x1152.jpeg 1536w, https:\/\/www.cittasolidale.net\/wp4\/wp-content\/uploads\/2023\/12\/WhatsApp-Image-2023-10-27-at-12.27.38-1-600x450.jpeg 600w, https:\/\/www.cittasolidale.net\/wp4\/wp-content\/uploads\/2023\/12\/WhatsApp-Image-2023-10-27-at-12.27.38-1.jpeg 2048w\" sizes=\"auto, (max-width: 1024px) 100vw, 1024px\" \/><\/figure>\n\n\n\n<figure class=\"wp-block-image size-large\"><img loading=\"lazy\" decoding=\"async\" width=\"768\" height=\"1024\" data-id=\"1368\" src=\"https:\/\/www.cittasolidale.net\/wp4\/wp-content\/uploads\/2023\/12\/WhatsApp-Image-2023-10-27-at-12.27.21-1-768x1024.jpeg\" alt=\"\" class=\"wp-image-1368\" srcset=\"https:\/\/www.cittasolidale.net\/wp4\/wp-content\/uploads\/2023\/12\/WhatsApp-Image-2023-10-27-at-12.27.21-1-768x1024.jpeg 768w, https:\/\/www.cittasolidale.net\/wp4\/wp-content\/uploads\/2023\/12\/WhatsApp-Image-2023-10-27-at-12.27.21-1-225x300.jpeg 225w, https:\/\/www.cittasolidale.net\/wp4\/wp-content\/uploads\/2023\/12\/WhatsApp-Image-2023-10-27-at-12.27.21-1-1152x1536.jpeg 1152w, https:\/\/www.cittasolidale.net\/wp4\/wp-content\/uploads\/2023\/12\/WhatsApp-Image-2023-10-27-at-12.27.21-1.jpeg 1536w\" sizes=\"auto, (max-width: 768px) 100vw, 768px\" \/><\/figure>\n\n\n\n<figure class=\"wp-block-image size-large\"><img loading=\"lazy\" decoding=\"async\" width=\"1024\" height=\"768\" data-id=\"1361\" src=\"https:\/\/www.cittasolidale.net\/wp4\/wp-content\/uploads\/2023\/12\/WhatsApp-Image-2023-10-27-at-12.27.17-1024x768.jpeg\" alt=\"\" class=\"wp-image-1361\" srcset=\"https:\/\/www.cittasolidale.net\/wp4\/wp-content\/uploads\/2023\/12\/WhatsApp-Image-2023-10-27-at-12.27.17-1024x768.jpeg 1024w, https:\/\/www.cittasolidale.net\/wp4\/wp-content\/uploads\/2023\/12\/WhatsApp-Image-2023-10-27-at-12.27.17-300x225.jpeg 300w, https:\/\/www.cittasolidale.net\/wp4\/wp-content\/uploads\/2023\/12\/WhatsApp-Image-2023-10-27-at-12.27.17-768x576.jpeg 768w, https:\/\/www.cittasolidale.net\/wp4\/wp-content\/uploads\/2023\/12\/WhatsApp-Image-2023-10-27-at-12.27.17-1536x1152.jpeg 1536w, https:\/\/www.cittasolidale.net\/wp4\/wp-content\/uploads\/2023\/12\/WhatsApp-Image-2023-10-27-at-12.27.17-600x450.jpeg 600w, https:\/\/www.cittasolidale.net\/wp4\/wp-content\/uploads\/2023\/12\/WhatsApp-Image-2023-10-27-at-12.27.17.jpeg 2048w\" sizes=\"auto, (max-width: 1024px) 100vw, 1024px\" \/><\/figure>\n\n\n\n<figure class=\"wp-block-image size-large\"><img loading=\"lazy\" decoding=\"async\" width=\"1024\" height=\"768\" data-id=\"1369\" src=\"https:\/\/www.cittasolidale.net\/wp4\/wp-content\/uploads\/2023\/12\/WhatsApp-Image-2023-10-27-at-12.27.16-1-1024x768.jpeg\" alt=\"\" class=\"wp-image-1369\" srcset=\"https:\/\/www.cittasolidale.net\/wp4\/wp-content\/uploads\/2023\/12\/WhatsApp-Image-2023-10-27-at-12.27.16-1-1024x768.jpeg 1024w, https:\/\/www.cittasolidale.net\/wp4\/wp-content\/uploads\/2023\/12\/WhatsApp-Image-2023-10-27-at-12.27.16-1-300x225.jpeg 300w, https:\/\/www.cittasolidale.net\/wp4\/wp-content\/uploads\/2023\/12\/WhatsApp-Image-2023-10-27-at-12.27.16-1-768x576.jpeg 768w, https:\/\/www.cittasolidale.net\/wp4\/wp-content\/uploads\/2023\/12\/WhatsApp-Image-2023-10-27-at-12.27.16-1-1536x1152.jpeg 1536w, https:\/\/www.cittasolidale.net\/wp4\/wp-content\/uploads\/2023\/12\/WhatsApp-Image-2023-10-27-at-12.27.16-1-600x450.jpeg 600w, https:\/\/www.cittasolidale.net\/wp4\/wp-content\/uploads\/2023\/12\/WhatsApp-Image-2023-10-27-at-12.27.16-1.jpeg 2048w\" sizes=\"auto, (max-width: 1024px) 100vw, 1024px\" \/><\/figure>\n\n\n\n<figure class=\"wp-block-image size-large\"><img loading=\"lazy\" decoding=\"async\" width=\"1024\" height=\"768\" data-id=\"1352\" src=\"https:\/\/www.cittasolidale.net\/wp4\/wp-content\/uploads\/2023\/12\/WhatsApp-Image-2023-10-27-at-12.27.13-1024x768.jpeg\" alt=\"\" class=\"wp-image-1352\" srcset=\"https:\/\/www.cittasolidale.net\/wp4\/wp-content\/uploads\/2023\/12\/WhatsApp-Image-2023-10-27-at-12.27.13-1024x768.jpeg 1024w, https:\/\/www.cittasolidale.net\/wp4\/wp-content\/uploads\/2023\/12\/WhatsApp-Image-2023-10-27-at-12.27.13-300x225.jpeg 300w, https:\/\/www.cittasolidale.net\/wp4\/wp-content\/uploads\/2023\/12\/WhatsApp-Image-2023-10-27-at-12.27.13-768x576.jpeg 768w, https:\/\/www.cittasolidale.net\/wp4\/wp-content\/uploads\/2023\/12\/WhatsApp-Image-2023-10-27-at-12.27.13-1536x1152.jpeg 1536w, https:\/\/www.cittasolidale.net\/wp4\/wp-content\/uploads\/2023\/12\/WhatsApp-Image-2023-10-27-at-12.27.13-600x450.jpeg 600w, https:\/\/www.cittasolidale.net\/wp4\/wp-content\/uploads\/2023\/12\/WhatsApp-Image-2023-10-27-at-12.27.13.jpeg 2048w\" sizes=\"auto, (max-width: 1024px) 100vw, 1024px\" \/><\/figure>\n\n\n\n<figure class=\"wp-block-image size-large\"><img loading=\"lazy\" decoding=\"async\" width=\"1024\" height=\"768\" data-id=\"1370\" src=\"https:\/\/www.cittasolidale.net\/wp4\/wp-content\/uploads\/2023\/12\/WhatsApp-Image-2023-10-27-at-12.27.12-1024x768.jpeg\" alt=\"\" class=\"wp-image-1370\" srcset=\"https:\/\/www.cittasolidale.net\/wp4\/wp-content\/uploads\/2023\/12\/WhatsApp-Image-2023-10-27-at-12.27.12-1024x768.jpeg 1024w, https:\/\/www.cittasolidale.net\/wp4\/wp-content\/uploads\/2023\/12\/WhatsApp-Image-2023-10-27-at-12.27.12-300x225.jpeg 300w, https:\/\/www.cittasolidale.net\/wp4\/wp-content\/uploads\/2023\/12\/WhatsApp-Image-2023-10-27-at-12.27.12-768x576.jpeg 768w, https:\/\/www.cittasolidale.net\/wp4\/wp-content\/uploads\/2023\/12\/WhatsApp-Image-2023-10-27-at-12.27.12-1536x1152.jpeg 1536w, https:\/\/www.cittasolidale.net\/wp4\/wp-content\/uploads\/2023\/12\/WhatsApp-Image-2023-10-27-at-12.27.12-600x450.jpeg 600w, https:\/\/www.cittasolidale.net\/wp4\/wp-content\/uploads\/2023\/12\/WhatsApp-Image-2023-10-27-at-12.27.12.jpeg 2048w\" sizes=\"auto, (max-width: 1024px) 100vw, 1024px\" \/><\/figure>\n\n\n\n<figure class=\"wp-block-image size-large\"><img loading=\"lazy\" decoding=\"async\" width=\"1024\" height=\"768\" data-id=\"1371\" src=\"https:\/\/www.cittasolidale.net\/wp4\/wp-content\/uploads\/2023\/12\/WhatsApp-Image-2023-10-27-at-12.27.09-1-1024x768.jpeg\" alt=\"\" class=\"wp-image-1371\" srcset=\"https:\/\/www.cittasolidale.net\/wp4\/wp-content\/uploads\/2023\/12\/WhatsApp-Image-2023-10-27-at-12.27.09-1-1024x768.jpeg 1024w, https:\/\/www.cittasolidale.net\/wp4\/wp-content\/uploads\/2023\/12\/WhatsApp-Image-2023-10-27-at-12.27.09-1-300x225.jpeg 300w, https:\/\/www.cittasolidale.net\/wp4\/wp-content\/uploads\/2023\/12\/WhatsApp-Image-2023-10-27-at-12.27.09-1-768x576.jpeg 768w, https:\/\/www.cittasolidale.net\/wp4\/wp-content\/uploads\/2023\/12\/WhatsApp-Image-2023-10-27-at-12.27.09-1-1536x1152.jpeg 1536w, https:\/\/www.cittasolidale.net\/wp4\/wp-content\/uploads\/2023\/12\/WhatsApp-Image-2023-10-27-at-12.27.09-1-600x450.jpeg 600w, https:\/\/www.cittasolidale.net\/wp4\/wp-content\/uploads\/2023\/12\/WhatsApp-Image-2023-10-27-at-12.27.09-1.jpeg 2048w\" sizes=\"auto, (max-width: 1024px) 100vw, 1024px\" \/><\/figure>\n\n\n\n<figure class=\"wp-block-image size-large\"><img loading=\"lazy\" decoding=\"async\" width=\"1024\" height=\"768\" data-id=\"1372\" src=\"https:\/\/www.cittasolidale.net\/wp4\/wp-content\/uploads\/2023\/12\/WhatsApp-Image-2023-10-27-at-12.27.06-1-1-1024x768.jpeg\" alt=\"\" class=\"wp-image-1372\" srcset=\"https:\/\/www.cittasolidale.net\/wp4\/wp-content\/uploads\/2023\/12\/WhatsApp-Image-2023-10-27-at-12.27.06-1-1-1024x768.jpeg 1024w, https:\/\/www.cittasolidale.net\/wp4\/wp-content\/uploads\/2023\/12\/WhatsApp-Image-2023-10-27-at-12.27.06-1-1-300x225.jpeg 300w, https:\/\/www.cittasolidale.net\/wp4\/wp-content\/uploads\/2023\/12\/WhatsApp-Image-2023-10-27-at-12.27.06-1-1-768x576.jpeg 768w, https:\/\/www.cittasolidale.net\/wp4\/wp-content\/uploads\/2023\/12\/WhatsApp-Image-2023-10-27-at-12.27.06-1-1-1536x1152.jpeg 1536w, https:\/\/www.cittasolidale.net\/wp4\/wp-content\/uploads\/2023\/12\/WhatsApp-Image-2023-10-27-at-12.27.06-1-1-600x450.jpeg 600w, https:\/\/www.cittasolidale.net\/wp4\/wp-content\/uploads\/2023\/12\/WhatsApp-Image-2023-10-27-at-12.27.06-1-1.jpeg 2048w\" sizes=\"auto, (max-width: 1024px) 100vw, 1024px\" \/><\/figure>\n\n\n\n<figure class=\"wp-block-image size-large\"><img loading=\"lazy\" decoding=\"async\" width=\"1024\" height=\"768\" data-id=\"1373\" src=\"https:\/\/www.cittasolidale.net\/wp4\/wp-content\/uploads\/2023\/12\/WhatsApp-Image-2023-10-27-at-12.27.06-2-1024x768.jpeg\" alt=\"\" class=\"wp-image-1373\" srcset=\"https:\/\/www.cittasolidale.net\/wp4\/wp-content\/uploads\/2023\/12\/WhatsApp-Image-2023-10-27-at-12.27.06-2-1024x768.jpeg 1024w, https:\/\/www.cittasolidale.net\/wp4\/wp-content\/uploads\/2023\/12\/WhatsApp-Image-2023-10-27-at-12.27.06-2-300x225.jpeg 300w, https:\/\/www.cittasolidale.net\/wp4\/wp-content\/uploads\/2023\/12\/WhatsApp-Image-2023-10-27-at-12.27.06-2-768x576.jpeg 768w, https:\/\/www.cittasolidale.net\/wp4\/wp-content\/uploads\/2023\/12\/WhatsApp-Image-2023-10-27-at-12.27.06-2-1536x1152.jpeg 1536w, https:\/\/www.cittasolidale.net\/wp4\/wp-content\/uploads\/2023\/12\/WhatsApp-Image-2023-10-27-at-12.27.06-2-600x450.jpeg 600w, https:\/\/www.cittasolidale.net\/wp4\/wp-content\/uploads\/2023\/12\/WhatsApp-Image-2023-10-27-at-12.27.06-2.jpeg 2048w\" sizes=\"auto, (max-width: 1024px) 100vw, 1024px\" \/><\/figure>\n\n\n\n<figure class=\"wp-block-image size-large\"><img loading=\"lazy\" decoding=\"async\" width=\"1024\" height=\"768\" data-id=\"1374\" src=\"https:\/\/www.cittasolidale.net\/wp4\/wp-content\/uploads\/2023\/12\/WhatsApp-Image-2023-10-27-at-12.27.36-1-1-1024x768.jpeg\" alt=\"\" class=\"wp-image-1374\" srcset=\"https:\/\/www.cittasolidale.net\/wp4\/wp-content\/uploads\/2023\/12\/WhatsApp-Image-2023-10-27-at-12.27.36-1-1-1024x768.jpeg 1024w, https:\/\/www.cittasolidale.net\/wp4\/wp-content\/uploads\/2023\/12\/WhatsApp-Image-2023-10-27-at-12.27.36-1-1-300x225.jpeg 300w, https:\/\/www.cittasolidale.net\/wp4\/wp-content\/uploads\/2023\/12\/WhatsApp-Image-2023-10-27-at-12.27.36-1-1-768x576.jpeg 768w, https:\/\/www.cittasolidale.net\/wp4\/wp-content\/uploads\/2023\/12\/WhatsApp-Image-2023-10-27-at-12.27.36-1-1-1536x1152.jpeg 1536w, https:\/\/www.cittasolidale.net\/wp4\/wp-content\/uploads\/2023\/12\/WhatsApp-Image-2023-10-27-at-12.27.36-1-1-600x450.jpeg 600w, https:\/\/www.cittasolidale.net\/wp4\/wp-content\/uploads\/2023\/12\/WhatsApp-Image-2023-10-27-at-12.27.36-1-1.jpeg 2048w\" sizes=\"auto, (max-width: 1024px) 100vw, 1024px\" \/><\/figure>\n\n\n\n<figure class=\"wp-block-image size-large\"><img loading=\"lazy\" decoding=\"async\" width=\"1024\" height=\"768\" data-id=\"1367\" src=\"https:\/\/www.cittasolidale.net\/wp4\/wp-content\/uploads\/2023\/12\/WhatsApp-Image-2023-10-27-at-12.27.34-1024x768.jpeg\" alt=\"\" class=\"wp-image-1367\" srcset=\"https:\/\/www.cittasolidale.net\/wp4\/wp-content\/uploads\/2023\/12\/WhatsApp-Image-2023-10-27-at-12.27.34-1024x768.jpeg 1024w, https:\/\/www.cittasolidale.net\/wp4\/wp-content\/uploads\/2023\/12\/WhatsApp-Image-2023-10-27-at-12.27.34-300x225.jpeg 300w, https:\/\/www.cittasolidale.net\/wp4\/wp-content\/uploads\/2023\/12\/WhatsApp-Image-2023-10-27-at-12.27.34-768x576.jpeg 768w, https:\/\/www.cittasolidale.net\/wp4\/wp-content\/uploads\/2023\/12\/WhatsApp-Image-2023-10-27-at-12.27.34-1536x1152.jpeg 1536w, https:\/\/www.cittasolidale.net\/wp4\/wp-content\/uploads\/2023\/12\/WhatsApp-Image-2023-10-27-at-12.27.34-600x450.jpeg 600w, https:\/\/www.cittasolidale.net\/wp4\/wp-content\/uploads\/2023\/12\/WhatsApp-Image-2023-10-27-at-12.27.34.jpeg 2048w\" sizes=\"auto, (max-width: 1024px) 100vw, 1024px\" \/><\/figure>\n\n\n\n<figure class=\"wp-block-image size-large\"><img loading=\"lazy\" decoding=\"async\" width=\"1024\" height=\"768\" data-id=\"1382\" src=\"https:\/\/www.cittasolidale.net\/wp4\/wp-content\/uploads\/2023\/12\/WhatsApp-Image-2023-10-27-at-12.27.37-2-1024x768.jpeg\" alt=\"\" class=\"wp-image-1382\" srcset=\"https:\/\/www.cittasolidale.net\/wp4\/wp-content\/uploads\/2023\/12\/WhatsApp-Image-2023-10-27-at-12.27.37-2-1024x768.jpeg 1024w, https:\/\/www.cittasolidale.net\/wp4\/wp-content\/uploads\/2023\/12\/WhatsApp-Image-2023-10-27-at-12.27.37-2-300x225.jpeg 300w, https:\/\/www.cittasolidale.net\/wp4\/wp-content\/uploads\/2023\/12\/WhatsApp-Image-2023-10-27-at-12.27.37-2-768x576.jpeg 768w, https:\/\/www.cittasolidale.net\/wp4\/wp-content\/uploads\/2023\/12\/WhatsApp-Image-2023-10-27-at-12.27.37-2-1536x1152.jpeg 1536w, https:\/\/www.cittasolidale.net\/wp4\/wp-content\/uploads\/2023\/12\/WhatsApp-Image-2023-10-27-at-12.27.37-2-600x450.jpeg 600w, https:\/\/www.cittasolidale.net\/wp4\/wp-content\/uploads\/2023\/12\/WhatsApp-Image-2023-10-27-at-12.27.37-2.jpeg 2048w\" sizes=\"auto, (max-width: 1024px) 100vw, 1024px\" \/><\/figure>\n<\/figure>\n\n\n<a href=\"https:\/\/www.cittasolidale.net\/wp4\/wp-content\/uploads\/2023\/12\/27-ottobre-locandina-DEF.pdf\" class=\"pdfemb-viewer\" style=\"\" data-width=\"max\" data-height=\"max\" data-toolbar=\"bottom\" data-toolbar-fixed=\"off\">27-ottobre-locandina-DEF<\/a>\n<p class=\"wp-block-pdfemb-pdf-embedder-viewer\"><\/p>\n<!-- WP Attachments -->\r\n        <div style=\"width:100%;margin:10px 0 10px 0;\">\r\n            <h3>Allegati<\/h3>\r\n        <ul class=\"post-attachments\"><li class=\"post-attachment mime-application-pdf\"><a href=\"https:\/\/www.cittasolidale.net\/wp4\/wp-content\/uploads\/2023\/12\/27-ottobre-locandina-DEF.pdf\">27 ottobre locandina DEF<\/a> <small>(10 MB)<\/small><\/li><\/ul><\/div>","protected":false},"excerpt":{"rendered":"<p>In occasione della 20\u00aa edizione della Giornata Europea sulla Depressione, venerd\u00ec 27 ottobre 2023 alle ore 9,30, presso il Nuovo<\/p>\n","protected":false},"author":1,"featured_media":1342,"comment_status":"closed","ping_status":"open","sticky":false,"template":"","format":"standard","meta":{"ngg_post_thumbnail":0,"jetpack_post_was_ever_published":false,"_jetpack_newsletter_access":"","_jetpack_dont_email_post_to_subs":false,"_jetpack_newsletter_tier_id":0,"_jetpack_memberships_contains_paywalled_content":false,"_jetpack_memberships_contains_paid_content":false,"footnotes":"","jetpack_publicize_message":"","jetpack_publicize_feature_enabled":true,"jetpack_social_post_already_shared":true,"jetpack_social_options":{"image_generator_settings":{"template":"highway","default_image_id":0,"font":"","enabled":false},"version":2}},"categories":[11],"tags":[50,56],"class_list":["post-1339","post","type-post","status-publish","format-standard","has-post-thumbnail","hentry","category-eventi","tag-citta-solidale-latiano","tag-giornata-europea-depressione","comments-off"],"jetpack_publicize_connections":[],"jetpack_featured_media_url":"https:\/\/www.cittasolidale.net\/wp4\/wp-content\/uploads\/2023\/10\/depressionday2023.png","jetpack_sharing_enabled":true,"jetpack_shortlink":"https:\/\/wp.me\/p9VBJY-lB","_links":{"self":[{"href":"https:\/\/www.cittasolidale.net\/wp4\/wp-json\/wp\/v2\/posts\/1339","targetHints":{"allow":["GET"]}}],"collection":[{"href":"https:\/\/www.cittasolidale.net\/wp4\/wp-json\/wp\/v2\/posts"}],"about":[{"href":"https:\/\/www.cittasolidale.net\/wp4\/wp-json\/wp\/v2\/types\/post"}],"author":[{"embeddable":true,"href":"https:\/\/www.cittasolidale.net\/wp4\/wp-json\/wp\/v2\/users\/1"}],"replies":[{"embeddable":true,"href":"https:\/\/www.cittasolidale.net\/wp4\/wp-json\/wp\/v2\/comments?post=1339"}],"version-history":[{"count":7,"href":"https:\/\/www.cittasolidale.net\/wp4\/wp-json\/wp\/v2\/posts\/1339\/revisions"}],"predecessor-version":[{"id":1404,"href":"https:\/\/www.cittasolidale.net\/wp4\/wp-json\/wp\/v2\/posts\/1339\/revisions\/1404"}],"wp:featuredmedia":[{"embeddable":true,"href":"https:\/\/www.cittasolidale.net\/wp4\/wp-json\/wp\/v2\/media\/1342"}],"wp:attachment":[{"href":"https:\/\/www.cittasolidale.net\/wp4\/wp-json\/wp\/v2\/media?parent=1339"}],"wp:term":[{"taxonomy":"category","embeddable":true,"href":"https:\/\/www.cittasolidale.net\/wp4\/wp-json\/wp\/v2\/categories?post=1339"},{"taxonomy":"post_tag","embeddable":true,"href":"https:\/\/www.cittasolidale.net\/wp4\/wp-json\/wp\/v2\/tags?post=1339"}],"curies":[{"name":"wp","href":"https:\/\/api.w.org\/{rel}","templated":true}]}}