{"id":1407,"date":"2023-05-04T17:53:00","date_gmt":"2023-05-04T15:53:00","guid":{"rendered":"https:\/\/www.cittasolidale.net\/wp4\/?p=1407"},"modified":"2023-12-22T12:29:30","modified_gmt":"2023-12-22T11:29:30","slug":"convegno-la-salute-mentale-prima-e-dopo-la-legge-basaglia-4-maggio-2023","status":"publish","type":"post","link":"https:\/\/www.cittasolidale.net\/wp4\/convegno-la-salute-mentale-prima-e-dopo-la-legge-basaglia-4-maggio-2023\/","title":{"rendered":"Convegno &#8220;La salute mentale prima e dopo la Legge Basaglia&#8221; 4 maggio 2023"},"content":{"rendered":"\n<p>La salute mentale, un tema estremamente importante ma ancora trascurato. Gioved\u00ec 4 maggio (ore 9:30) a Latiano presso Palazzo Imperiali si \u00e8 svolto l&#8217;incontro dal titolo &#8220;Salute Mentale, prima e dopo la Legge 180: riflessioni per l&#8217;oggi&#8221;, organizzato e promosso dall&#8217;Associazione &#8220;Gulliver 180 &#8211; Benito Giglio&#8221;.  <\/p>\n\n\n\n<p>Tra i relatori figurano Paolo Serra (psichiatra, &#8220;Centro Basaglia&#8221; di Arezzo), Ezio Ferilli (neurologo e psichiatra, ex direttore dell&#8217;SPDC di Brindisi), Antonella Vacca (psicologa-psicoterapeuta, Cooperativa Citt\u00e0 Solidale Latiano), Pietro Nigro (presidente SIRP, direttore SPDC Putignano, DSM\/ASL Bari), Silvia Romano (ex assistente sociale del Centro di Salute Mentale di Brindisi) e Tiziano Mele (giornalista e mental coach). Il moderatore \u00e8 Franco Colizzi (psichiatra e scrittore, vicepresidente di &#8220;Gulliver 180&#8221;).<\/p>\n\n\n\n<p>&#8220;L&#8217;omicidio della nostra collega Barbara Capovani ha scosso tutti noi&#8221;, affermano i promotori dell&#8217;iniziativa. &#8220;Ci rattrista profondamente e ci fa interrogare ancora una volta sulle zone d&#8217;ombra della condizione umana. Ma \u00e8 inaccettabile etichettare la sofferenza mentale, che in Italia colpisce almeno un milione di persone all&#8217;anno (quelle assistite solo dai servizi pubblici), come &#8220;follia incomprensibile&#8221; o peggio ancora &#8220;pericolosit\u00e0 sociale&#8221;. Questo significa mettere un&#8217;etichetta emarginante, uno stigma, su una sofferenza che pu\u00f2 essere compresa e che la maggior parte degli esseri umani incontrer\u00e0 nella propria vita. Riferirsi a manicomi e ospedali psichiatrici, veri e propri abomini antiterapeutici del passato, come possibili soluzioni, significa non conoscere la storia e il funzionamento di tali istituzioni totali e non comprendere il grande passo di civilt\u00e0 che invece \u00e8 stato compiuto in Italia con la loro chiusura.&#8221;<\/p>\n\n\n\n<p>Infatti, dopo l&#8217;approvazione della Legge 180 nel 1978, \u00e8 stata creata una vasta rete territoriale e ospedaliera di servizi per la salute mentale, molto pi\u00f9 avanzata, anche se non ancora pienamente rispondente al grande bisogno di promozione, prevenzione, cura e riabilitazione. Va quindi detto a gran voce che non si tratta ora di rassicurare le persone e di promettere soluzioni organizzative: l&#8217;attenzione alla salute mentale non pu\u00f2 rimanere scandalosamente bassa, con risorse del tutto insufficienti (anche nel PNRR) in termini di fondi specifici (tra i pi\u00f9 bassi d&#8217;Europa), di personale (mancano alcune migliaia di unit\u00e0) e di luoghi di ascolto e cura pi\u00f9 adeguati.<\/p>\n\n\n\n<p>Gli operatori fanno un enorme sforzo per affrontare le tante forme di disagio mentale e di dolore, per migliorare almeno la qualit\u00e0 della vita dei pazienti e dei familiari. Ma non si pu\u00f2 lavorare serenamente, rispondendo con la tempestivit\u00e0 e l&#8217;impegno che spesso sono richiesti, in condizioni di scarsa sicurezza, con personale ridotto al minimo, esposti a mille richieste che non sono tutte solo di cura ma nascono da vari tipi di disagio sociale.<\/p>\n\n\n\n<p>Sono almeno due decenni che l&#8217;Organizzazione Mondiale della Sanit\u00e0 invita, inascoltata, governi, istituzioni e chiunque abbia potere decisionale a considerare la salute mentale una priorit\u00e0.<\/p>\n\n\n\n<p>Obiettivo dell&#8217;incontro \u00e8 stato stimolare la societ\u00e0 e le istituzioni a un impegno pi\u00f9 ampio di quello attuale nei confronti di tutte le diverse dimensioni del disagio e della patologia mentale, esacerbati e amplificati negli ultimi anni dall&#8217;esperienza della pandemia ma anche molto meglio compresi grazie agli sviluppi delle neuroscienze e delle scienze umane.<\/p>\n\n\n\n<figure class=\"wp-block-gallery has-nested-images columns-default is-cropped wp-block-gallery-1 is-layout-flex wp-block-gallery-is-layout-flex\">\n<figure class=\"wp-block-image size-large\"><img loading=\"lazy\" decoding=\"async\" width=\"1024\" height=\"577\" data-id=\"1411\" src=\"https:\/\/www.cittasolidale.net\/wp4\/wp-content\/uploads\/2023\/12\/MicrosoftTeams-image-1024x577.jpg\" alt=\"\" class=\"wp-image-1411\" srcset=\"https:\/\/www.cittasolidale.net\/wp4\/wp-content\/uploads\/2023\/12\/MicrosoftTeams-image-1024x577.jpg 1024w, https:\/\/www.cittasolidale.net\/wp4\/wp-content\/uploads\/2023\/12\/MicrosoftTeams-image-300x169.jpg 300w, https:\/\/www.cittasolidale.net\/wp4\/wp-content\/uploads\/2023\/12\/MicrosoftTeams-image-768x432.jpg 768w, https:\/\/www.cittasolidale.net\/wp4\/wp-content\/uploads\/2023\/12\/MicrosoftTeams-image-1536x865.jpg 1536w, https:\/\/www.cittasolidale.net\/wp4\/wp-content\/uploads\/2023\/12\/MicrosoftTeams-image-1360x765.jpg 1360w, https:\/\/www.cittasolidale.net\/wp4\/wp-content\/uploads\/2023\/12\/MicrosoftTeams-image.jpg 2048w\" sizes=\"auto, (max-width: 1024px) 100vw, 1024px\" \/><\/figure>\n\n\n\n<figure class=\"wp-block-image size-large\"><img loading=\"lazy\" decoding=\"async\" width=\"1024\" height=\"768\" data-id=\"1412\" src=\"https:\/\/www.cittasolidale.net\/wp4\/wp-content\/uploads\/2023\/12\/MicrosoftTeams-image-1-1024x768.jpg\" alt=\"\" class=\"wp-image-1412\" srcset=\"https:\/\/www.cittasolidale.net\/wp4\/wp-content\/uploads\/2023\/12\/MicrosoftTeams-image-1-1024x768.jpg 1024w, https:\/\/www.cittasolidale.net\/wp4\/wp-content\/uploads\/2023\/12\/MicrosoftTeams-image-1-300x225.jpg 300w, https:\/\/www.cittasolidale.net\/wp4\/wp-content\/uploads\/2023\/12\/MicrosoftTeams-image-1-768x576.jpg 768w, https:\/\/www.cittasolidale.net\/wp4\/wp-content\/uploads\/2023\/12\/MicrosoftTeams-image-1-1536x1152.jpg 1536w, https:\/\/www.cittasolidale.net\/wp4\/wp-content\/uploads\/2023\/12\/MicrosoftTeams-image-1-600x450.jpg 600w, https:\/\/www.cittasolidale.net\/wp4\/wp-content\/uploads\/2023\/12\/MicrosoftTeams-image-1.jpg 2048w\" sizes=\"auto, (max-width: 1024px) 100vw, 1024px\" \/><\/figure>\n\n\n\n<figure class=\"wp-block-image size-large\"><img loading=\"lazy\" decoding=\"async\" width=\"1024\" height=\"580\" data-id=\"1410\" src=\"https:\/\/www.cittasolidale.net\/wp4\/wp-content\/uploads\/2023\/12\/MicrosoftTeams-image-2-1024x580.jpg\" alt=\"\" class=\"wp-image-1410\" srcset=\"https:\/\/www.cittasolidale.net\/wp4\/wp-content\/uploads\/2023\/12\/MicrosoftTeams-image-2-1024x580.jpg 1024w, https:\/\/www.cittasolidale.net\/wp4\/wp-content\/uploads\/2023\/12\/MicrosoftTeams-image-2-300x170.jpg 300w, https:\/\/www.cittasolidale.net\/wp4\/wp-content\/uploads\/2023\/12\/MicrosoftTeams-image-2-768x435.jpg 768w, https:\/\/www.cittasolidale.net\/wp4\/wp-content\/uploads\/2023\/12\/MicrosoftTeams-image-2.jpg 1286w\" sizes=\"auto, (max-width: 1024px) 100vw, 1024px\" \/><\/figure>\n<\/figure>\n\n\n\n<figure class=\"wp-block-image size-large\"><img loading=\"lazy\" decoding=\"async\" width=\"724\" height=\"1024\" src=\"https:\/\/www.cittasolidale.net\/wp4\/wp-content\/uploads\/2023\/05\/Convegno-La-salute-mentale-prima-e-dopo-la-Legge-Basaglia-4-maggio-2023-724x1024.jpg\" alt=\"\" class=\"wp-image-1409\" srcset=\"https:\/\/www.cittasolidale.net\/wp4\/wp-content\/uploads\/2023\/05\/Convegno-La-salute-mentale-prima-e-dopo-la-Legge-Basaglia-4-maggio-2023-724x1024.jpg 724w, https:\/\/www.cittasolidale.net\/wp4\/wp-content\/uploads\/2023\/05\/Convegno-La-salute-mentale-prima-e-dopo-la-Legge-Basaglia-4-maggio-2023-212x300.jpg 212w, https:\/\/www.cittasolidale.net\/wp4\/wp-content\/uploads\/2023\/05\/Convegno-La-salute-mentale-prima-e-dopo-la-Legge-Basaglia-4-maggio-2023-768x1086.jpg 768w, https:\/\/www.cittasolidale.net\/wp4\/wp-content\/uploads\/2023\/05\/Convegno-La-salute-mentale-prima-e-dopo-la-Legge-Basaglia-4-maggio-2023-1086x1536.jpg 1086w, https:\/\/www.cittasolidale.net\/wp4\/wp-content\/uploads\/2023\/05\/Convegno-La-salute-mentale-prima-e-dopo-la-Legge-Basaglia-4-maggio-2023.jpg 1131w\" sizes=\"auto, (max-width: 724px) 100vw, 724px\" \/><\/figure>\n","protected":false},"excerpt":{"rendered":"<p>La salute mentale, un tema estremamente importante ma ancora trascurato. Gioved\u00ec 4 maggio (ore 9:30) a Latiano presso Palazzo Imperiali<\/p>\n","protected":false},"author":1,"featured_media":1409,"comment_status":"closed","ping_status":"open","sticky":false,"template":"","format":"standard","meta":{"ngg_post_thumbnail":0,"jetpack_post_was_ever_published":false,"_jetpack_newsletter_access":"","_jetpack_dont_email_post_to_subs":false,"_jetpack_newsletter_tier_id":0,"_jetpack_memberships_contains_paywalled_content":false,"_jetpack_memberships_contains_paid_content":false,"footnotes":"","jetpack_publicize_message":"","jetpack_publicize_feature_enabled":true,"jetpack_social_post_already_shared":true,"jetpack_social_options":{"image_generator_settings":{"template":"highway","default_image_id":0,"font":"","enabled":false},"version":2}},"categories":[11],"tags":[],"class_list":["post-1407","post","type-post","status-publish","format-standard","has-post-thumbnail","hentry","category-eventi","comments-off"],"jetpack_publicize_connections":[],"jetpack_featured_media_url":"https:\/\/www.cittasolidale.net\/wp4\/wp-content\/uploads\/2023\/05\/Convegno-La-salute-mentale-prima-e-dopo-la-Legge-Basaglia-4-maggio-2023.jpg","jetpack_sharing_enabled":true,"jetpack_shortlink":"https:\/\/wp.me\/p9VBJY-mH","_links":{"self":[{"href":"https:\/\/www.cittasolidale.net\/wp4\/wp-json\/wp\/v2\/posts\/1407","targetHints":{"allow":["GET"]}}],"collection":[{"href":"https:\/\/www.cittasolidale.net\/wp4\/wp-json\/wp\/v2\/posts"}],"about":[{"href":"https:\/\/www.cittasolidale.net\/wp4\/wp-json\/wp\/v2\/types\/post"}],"author":[{"embeddable":true,"href":"https:\/\/www.cittasolidale.net\/wp4\/wp-json\/wp\/v2\/users\/1"}],"replies":[{"embeddable":true,"href":"https:\/\/www.cittasolidale.net\/wp4\/wp-json\/wp\/v2\/comments?post=1407"}],"version-history":[{"count":4,"href":"https:\/\/www.cittasolidale.net\/wp4\/wp-json\/wp\/v2\/posts\/1407\/revisions"}],"predecessor-version":[{"id":1415,"href":"https:\/\/www.cittasolidale.net\/wp4\/wp-json\/wp\/v2\/posts\/1407\/revisions\/1415"}],"wp:featuredmedia":[{"embeddable":true,"href":"https:\/\/www.cittasolidale.net\/wp4\/wp-json\/wp\/v2\/media\/1409"}],"wp:attachment":[{"href":"https:\/\/www.cittasolidale.net\/wp4\/wp-json\/wp\/v2\/media?parent=1407"}],"wp:term":[{"taxonomy":"category","embeddable":true,"href":"https:\/\/www.cittasolidale.net\/wp4\/wp-json\/wp\/v2\/categories?post=1407"},{"taxonomy":"post_tag","embeddable":true,"href":"https:\/\/www.cittasolidale.net\/wp4\/wp-json\/wp\/v2\/tags?post=1407"}],"curies":[{"name":"wp","href":"https:\/\/api.w.org\/{rel}","templated":true}]}}