{"id":874,"date":"2019-01-04T11:51:12","date_gmt":"2019-01-04T10:51:12","guid":{"rendered":"http:\/\/www.cittasolidale.net\/wp4\/?p=874"},"modified":"2019-01-09T13:45:08","modified_gmt":"2019-01-09T12:45:08","slug":"spettacolo-canta-balla-ridi-e-vivi-ii-edizione","status":"publish","type":"post","link":"https:\/\/www.cittasolidale.net\/wp4\/spettacolo-canta-balla-ridi-e-vivi-ii-edizione\/","title":{"rendered":"Spettacolo &#8220;Canta, balla, ridi e &#8230; vivi!&#8221; &#8211; II edizione"},"content":{"rendered":"\n<p><\/p>\n\n\n\n<figure class=\"wp-block-audio\"><audio controls src=\"http:\/\/www.cittasolidale.net\/wp4\/wp-content\/uploads\/2019\/01\/Int-Roberto-Longo-e-Giovanna-Lucisani-per-Spettacolo-09-0119.mp3\"><\/audio><\/figure>\n\n\n\n<p style=\"text-align:left\">Come \u00e8 ormai tradizione, si rinnova l\u2019invito al tradizionale spettacolo \u201c<em>Canta, balla, ridi e\u2026vivi<\/em>\u201d, seconda edizione, organizzato dalla cooperativa sociale Citt\u00e0 Solidale. La kermesse avr\u00e0 luogo mercoled\u00ec 9 gennaio alle ore 17.30 presso il teatro Olmi di Latiano.<\/p>\n\n\n\n<p>Lo\nspettacolo, presentato, dal regista Gino Cesaria, avr\u00e0 come filo conduttore le\n\u201cemozioni\u201d, con particolare riferimento alla comunicazione dei sentimenti.<\/p>\n\n\n\n<p>L\u2019evento\naderisce alla campagna internazionale promossa dal CSM Brindisi \u201cRiconosci i 5\nsegni del disagio\u201d, ispirata alla campagna statunitense \u201cChange Direction\u201d.\nCitt\u00e0 Solidale, da sempre attiva nella lotta allo stigma e ai pregiudizi che\nruotano intorno alla salute mentale, ha aderito, gi\u00e0 dallo scorso anno, alla\ncampagna \u201cRiconosci i 5 segni del disagio\u201d, che ha lo scopo di diffondere nella\ncomunit\u00e0 una maggiore comprensione della condizione di disagio mentale. La\ncampagna mira a sensibilizzare la cittadinanza a riconoscere i 5 segni di\nsofferenza emotiva pi\u00f9 comuni, al fine di intervenire tempestivamente,\nsostenendo la persona sofferente nella ricerca di un aiuto specialistico, per\nevitare la cronicizzazione e l\u2019isolamento: l\u2019agitazione, il ritiro sociale, il\ncambiamento di personalit\u00e0, la scarsa cura di s\u00e9 e la disperazione.<\/p>\n\n\n\n<p>Ricco il programma dello spettacolo, che si aprir\u00e0 con l\u2019esibizione del gruppo folk di Citt\u00e0 Solidale \u201cErba Ti Ientu\u201d, che negli anni ha sperimentato ed innovato il suo repertorio musicale, mescolando musica popolare, folk, reggae e rock &amp; roll, accompagnato dal corpo di ballo che danzer\u00e0 sulle note di una travolgente pizzica salentina. Si continuer\u00e0 con l\u2019esibizione della compagnia \u201cSolidal Clown\u201d, che proporr\u00e0 divertenti ed inedite gag clownistiche, che strapperanno sorrisi e grasse risate. La serata proseguir\u00e0 con sketch comici e psico-barzellette e si concluder\u00e0 con un suggestivo spettacolo teatrale a cura del laboratorio di Teatro di Citt\u00e0 Solidale.<\/p>\n\n\n\n<p>Appuntamento imperdibile per iniziare l\u2019anno in allegria e solidariet\u00e0, la serata regaler\u00e0 sorrisi e abbraccer\u00e0 metaforicamente tutti gli amici di Citt\u00e0 Solidale impegnati nel sociale che quotidianamente vivono la citt\u00e0 di Latiano,  la quale ha fatto della solidariet\u00e0 e dell\u2019accoglienza la sua parola d\u2019ordine.<\/p>\n\n\n\n<div class=\"wp-block-image\"><figure class=\"aligncenter\"><img loading=\"lazy\" decoding=\"async\" width=\"676\" height=\"1024\" src=\"http:\/\/www.cittasolidale.net\/wp4\/wp-content\/uploads\/2019\/01\/locandina-spettacolo-9-gennaio-676x1024.jpg\" alt=\"\" class=\"wp-image-876\" srcset=\"https:\/\/www.cittasolidale.net\/wp4\/wp-content\/uploads\/2019\/01\/locandina-spettacolo-9-gennaio-676x1024.jpg 676w, https:\/\/www.cittasolidale.net\/wp4\/wp-content\/uploads\/2019\/01\/locandina-spettacolo-9-gennaio-198x300.jpg 198w, https:\/\/www.cittasolidale.net\/wp4\/wp-content\/uploads\/2019\/01\/locandina-spettacolo-9-gennaio-768x1164.jpg 768w, https:\/\/www.cittasolidale.net\/wp4\/wp-content\/uploads\/2019\/01\/locandina-spettacolo-9-gennaio.jpg 1056w\" sizes=\"auto, (max-width: 676px) 100vw, 676px\" \/><\/figure><\/div>\n","protected":false},"excerpt":{"rendered":"<p>Come \u00e8 ormai tradizione, si rinnova l\u2019invito al tradizionale spettacolo \u201cCanta, balla, ridi e\u2026vivi\u201d, seconda edizione, organizzato dalla cooperativa sociale<\/p>\n","protected":false},"author":1,"featured_media":880,"comment_status":"closed","ping_status":"open","sticky":false,"template":"","format":"standard","meta":{"ngg_post_thumbnail":0,"jetpack_post_was_ever_published":false,"_jetpack_newsletter_access":"","_jetpack_dont_email_post_to_subs":false,"_jetpack_newsletter_tier_id":0,"_jetpack_memberships_contains_paywalled_content":false,"_jetpack_memberships_contains_paid_content":false,"footnotes":"","jetpack_publicize_message":"","jetpack_publicize_feature_enabled":true,"jetpack_social_post_already_shared":false,"jetpack_social_options":{"image_generator_settings":{"template":"highway","default_image_id":0,"font":"","enabled":false},"version":2}},"categories":[11],"tags":[],"class_list":["post-874","post","type-post","status-publish","format-standard","has-post-thumbnail","hentry","category-eventi","comments-off"],"jetpack_publicize_connections":[],"jetpack_featured_media_url":"https:\/\/www.cittasolidale.net\/wp4\/wp-content\/uploads\/2019\/01\/locandina-spettacolo-9-gennaio-1-e1546599408234.jpg","jetpack_sharing_enabled":true,"jetpack_shortlink":"https:\/\/wp.me\/p9VBJY-e6","_links":{"self":[{"href":"https:\/\/www.cittasolidale.net\/wp4\/wp-json\/wp\/v2\/posts\/874","targetHints":{"allow":["GET"]}}],"collection":[{"href":"https:\/\/www.cittasolidale.net\/wp4\/wp-json\/wp\/v2\/posts"}],"about":[{"href":"https:\/\/www.cittasolidale.net\/wp4\/wp-json\/wp\/v2\/types\/post"}],"author":[{"embeddable":true,"href":"https:\/\/www.cittasolidale.net\/wp4\/wp-json\/wp\/v2\/users\/1"}],"replies":[{"embeddable":true,"href":"https:\/\/www.cittasolidale.net\/wp4\/wp-json\/wp\/v2\/comments?post=874"}],"version-history":[{"count":8,"href":"https:\/\/www.cittasolidale.net\/wp4\/wp-json\/wp\/v2\/posts\/874\/revisions"}],"predecessor-version":[{"id":890,"href":"https:\/\/www.cittasolidale.net\/wp4\/wp-json\/wp\/v2\/posts\/874\/revisions\/890"}],"wp:featuredmedia":[{"embeddable":true,"href":"https:\/\/www.cittasolidale.net\/wp4\/wp-json\/wp\/v2\/media\/880"}],"wp:attachment":[{"href":"https:\/\/www.cittasolidale.net\/wp4\/wp-json\/wp\/v2\/media?parent=874"}],"wp:term":[{"taxonomy":"category","embeddable":true,"href":"https:\/\/www.cittasolidale.net\/wp4\/wp-json\/wp\/v2\/categories?post=874"},{"taxonomy":"post_tag","embeddable":true,"href":"https:\/\/www.cittasolidale.net\/wp4\/wp-json\/wp\/v2\/tags?post=874"}],"curies":[{"name":"wp","href":"https:\/\/api.w.org\/{rel}","templated":true}]}}